{"id":289,"date":"2022-04-11T19:41:13","date_gmt":"2022-04-11T19:41:13","guid":{"rendered":"http:\/\/spd-agmuv-breisgau.de\/?p=289"},"modified":"2022-04-11T19:41:13","modified_gmt":"2022-04-11T19:41:13","slug":"lesung-mit-fatma-sagir-am-29-4-2022-in-denzlingen","status":"publish","type":"post","link":"http:\/\/spd-agmuv-breisgau.de\/?p=289","title":{"rendered":"Lesung mit Fatma Sagir am 29.4.2022 in Denzlingen"},"content":{"rendered":"\n<p>Liebe Genossinnen, liebe Genossenen,<\/p>\n\n\n\n<p>vor nun mehr als 60 Jahren, am 30. Oktober 1961, trat das Anwerbeabkommen mit der T\u00fcrkei in Kraft. Die gerufenen \u201eGastarbeiter\u201c sollten die L\u00fccke fehlender Arbeitskr\u00e4fte in der Bundesrepublik f\u00fcllen \u2013 ein rein \u00f6konomisches Projekt. Der Plan war von deutscher und t\u00fcrkischer Seite recht klar: die Menschen sollten f\u00fcr wenige Jahre nach Deutschland kommen und dann wieder in ihre Heimat zur\u00fcckkehren. Doch es kam anders. Man habe Arbeitskr\u00e4fte gerufen, es seien Menschen gekommen, schrieb Max Frisch einmal \u00fcber die Arbeitsmigration nach Europa in den Nachkriegsjahrzehnten.Viele der Menschen sind geblieben, ihre Kinder wuchsen in Deutschland auf. Heute lebt bereits die vierte Generation von Nachfahren der Gastarbeiter:innen in Deutschland.<\/p>\n\n\n\n<p>Die in Freiburg ans\u00e4ssige Autorin, Journalistin, Wissenschaftlerin, \u00dcbersetzerin Fatma Sagir erz\u00e4hlt in ihrem bewegendem Buch <strong>\u201eAlphabet der Sehnsucht. Texte zum Vergessen\u201c<\/strong> in ber\u00fchrender Kurzprosa und eindr\u00fccklicher Lyrik \u00fcber ihre Erinnerung als Kind einer Gastarbeiter:innenfamilie und das Verh\u00e4ltnis zweier Generationen zu Deutschland und der T\u00fcrkei und schreibt damit gegen eine klaffende Erinnerungsl\u00fccke der deutschen Gesellschaft an.<\/p>\n\n\n\n<figure class=\"wp-block-image size-large\"><img loading=\"lazy\" width=\"1024\" height=\"1024\" src=\"http:\/\/spd-agmuv-breisgau.de\/wp-content\/uploads\/2022\/04\/Lesung-mit-Fatma-Sagir2-1024x1024.jpg\" alt=\"\" class=\"wp-image-290\" srcset=\"http:\/\/spd-agmuv-breisgau.de\/wp-content\/uploads\/2022\/04\/Lesung-mit-Fatma-Sagir2-1024x1024.jpg 1024w, http:\/\/spd-agmuv-breisgau.de\/wp-content\/uploads\/2022\/04\/Lesung-mit-Fatma-Sagir2-300x300.jpg 300w, http:\/\/spd-agmuv-breisgau.de\/wp-content\/uploads\/2022\/04\/Lesung-mit-Fatma-Sagir2-150x150.jpg 150w, http:\/\/spd-agmuv-breisgau.de\/wp-content\/uploads\/2022\/04\/Lesung-mit-Fatma-Sagir2-768x768.jpg 768w, http:\/\/spd-agmuv-breisgau.de\/wp-content\/uploads\/2022\/04\/Lesung-mit-Fatma-Sagir2.jpg 1080w\" sizes=\"(max-width: 1024px) 100vw, 1024px\" \/><\/figure>\n\n\n\n<p>Die Arbeitsgemeinschaft Migration und Vielfalt und die Arbeitsgemeinschaft sozialdemokratischer Frauen laden zu einer performativen Lesung mit der Autorin Fatma Sagir, begleitet von dem Sprecher und Schauspieler Max Hoffman, am <strong>Freitag, den 29.04.2022 um 19:00 Uhr im Rocca-Saal in Denzlingen <\/strong>ein. Nach der Lesung wird es noch Zeit f\u00fcr eine Diskussion mit der Autorin geben.<\/p>\n\n\n\n<p>Die Teilnehmerzahl ist begrenzt. Es wird um Anmeldung bei Ana Agatiev gebeten unter: <a href=\"https:\/\/www.spd-bw.de\/mto\/20\/\">ana.agatiev@spd.de<\/a>&nbsp;<\/p>\n\n\n\n<p>Wir freuen uns auf ein zahlreiches Kommen und verbleiben mit solidarischen Gr\u00fc\u00dfen f\u00fcr den Vorstand.<\/p>\n","protected":false},"excerpt":{"rendered":"<p>Liebe Genossinnen, liebe Genossenen, vor nun mehr als 60 Jahren, am 30. Oktober 1961, trat das Anwerbeabkommen mit der T\u00fcrkei in Kraft. Die gerufenen \u201eGastarbeiter\u201c sollten die L\u00fccke fehlender Arbeitskr\u00e4fte in der Bundesrepublik f\u00fcllen \u2013 ein rein \u00f6konomisches Projekt. Der Plan war von deutscher und t\u00fcrkischer Seite recht klar: die Menschen sollten f\u00fcr wenige Jahre &hellip; <a href=\"http:\/\/spd-agmuv-breisgau.de\/?p=289\" class=\"more-link\"><span class=\"screen-reader-text\">Lesung mit Fatma Sagir am 29.4.2022 in Denzlingen<\/span> weiterlesen<\/a><\/p>\n","protected":false},"author":3,"featured_media":290,"comment_status":"open","ping_status":"open","sticky":false,"template":"","format":"standard","meta":[],"categories":[7],"tags":[],"_links":{"self":[{"href":"http:\/\/spd-agmuv-breisgau.de\/index.php?rest_route=\/wp\/v2\/posts\/289"}],"collection":[{"href":"http:\/\/spd-agmuv-breisgau.de\/index.php?rest_route=\/wp\/v2\/posts"}],"about":[{"href":"http:\/\/spd-agmuv-breisgau.de\/index.php?rest_route=\/wp\/v2\/types\/post"}],"author":[{"embeddable":true,"href":"http:\/\/spd-agmuv-breisgau.de\/index.php?rest_route=\/wp\/v2\/users\/3"}],"replies":[{"embeddable":true,"href":"http:\/\/spd-agmuv-breisgau.de\/index.php?rest_route=%2Fwp%2Fv2%2Fcomments&post=289"}],"version-history":[{"count":1,"href":"http:\/\/spd-agmuv-breisgau.de\/index.php?rest_route=\/wp\/v2\/posts\/289\/revisions"}],"predecessor-version":[{"id":291,"href":"http:\/\/spd-agmuv-breisgau.de\/index.php?rest_route=\/wp\/v2\/posts\/289\/revisions\/291"}],"wp:featuredmedia":[{"embeddable":true,"href":"http:\/\/spd-agmuv-breisgau.de\/index.php?rest_route=\/wp\/v2\/media\/290"}],"wp:attachment":[{"href":"http:\/\/spd-agmuv-breisgau.de\/index.php?rest_route=%2Fwp%2Fv2%2Fmedia&parent=289"}],"wp:term":[{"taxonomy":"category","embeddable":true,"href":"http:\/\/spd-agmuv-breisgau.de\/index.php?rest_route=%2Fwp%2Fv2%2Fcategories&post=289"},{"taxonomy":"post_tag","embeddable":true,"href":"http:\/\/spd-agmuv-breisgau.de\/index.php?rest_route=%2Fwp%2Fv2%2Ftags&post=289"}],"curies":[{"name":"wp","href":"https:\/\/api.w.org\/{rel}","templated":true}]}}