{"id":278,"date":"2021-09-19T13:28:51","date_gmt":"2021-09-19T13:28:51","guid":{"rendered":"http:\/\/spd-agmuv-breisgau.de\/?p=278"},"modified":"2021-09-19T13:29:45","modified_gmt":"2021-09-19T13:29:45","slug":"ag-migration-und-vielfalt-breisgau-und-spd-dreisamtal-veranstalteten-autorinnenlesung-mit-birgit-hummler-das-leben-ist-zu-kurz-um-deutsch-zu-lernen","status":"publish","type":"post","link":"http:\/\/spd-agmuv-breisgau.de\/?p=278","title":{"rendered":"AG Migration und Vielfalt Breisgau und SPD Dreisamtal veranstalteten Autorinnenlesung mit Birgit Hummler: Das Leben ist zu kurz, um Deutsch zu lernen"},"content":{"rendered":"\n<p>Die in Breisach lebende Birgit Hummler ist studierte Germanistin und Journalistin und engagiert sich seit der Fl\u00fcchtlingskrise 2015 ehrenamtlich in der Fl\u00fcchtlingshilfe als Deutschlehrerin. In einem humorvollen Buch fasste sie ihre vielschichtigen Erfahrungen bei der Vermittlung der komplizierten deutschen Sprache zusammen. Diese Sprache verf\u00fcgt mit Nominativ, Genitiv, Dativ und Akkusativ \u00fcber vier F\u00e4lle, \u00fcber drei Artikel und ist schrecklich unlogisch und willk\u00fcrlich strukturiert. Diese Sprache bringt nicht nur die Lernenden, sondern auch die Lehrenden zum Verzweifeln.<\/p>\n\n\n\n<p>Besonders kompliziert wird es f\u00fcr Gefl\u00fcchtete und deren Unterst\u00fctzer, wenn es um Beh\u00f6rdensprache und Briefe geht, die den Gefl\u00fcchteten m\u00f6glicherweise den Abschiebebescheid mitteilen. Und hier wurde es dann auch politisch. Denn Hummlers Engagement beschr\u00e4nkte sich nicht nur auf den Sprachunterricht. Sie unterst\u00fctzte Gefl\u00fcchtete \u00fcber lange Jahre bei der Integration in die deutsche Gesellschaft.<\/p>\n\n\n\n<p>Sie begleitete sie bei rechtlichen Fragen, bei der Vermittlung von Praktika, Arbeitspl\u00e4tzen und der Wohnungssuche. Dabei erlebte sie mehrfach, wie gut integrierte Gefl\u00fcchtete trotz Arbeitsstelle und guter Deutschkenntnisse nach Afghanistan abgeschoben wurden und das, obwohl Deutschland dringend Arbeitskr\u00e4fte ben\u00f6tigt. \u201eH\u00e4tte es die vielen Einwanderungswellen nicht gegeben, w\u00e4re Deutschland l\u00e4ngst ein Volk im Altersheim\u201c, so Hummler. Sie pl\u00e4diert deshalb f\u00fcr ein weltoffenes und tolerantes Deutschland<\/p>\n\n\n\n<p>Bundestagsabgeordnete, Staatssekret\u00e4rin und Bundestagskandidaten f\u00fcr die SPD, Rita Schwarzel\u00fchr-Sutter, skizzierte im Anschluss das Programm der SPD in Bezug auf Migration. Das in der gro\u00dfen Koalition beschlossene neue Einwanderungsgesetz sei ein Schritt in die richtige Richtung, reiche jedoch nicht aus. Die SPD wolle dar\u00fcber hinaus ein dauerhaftes Bleiberecht f\u00fcr Menschen, die als Asylbewerber abgelehnt wurden, aber schon lange hier leben und arbeiten. Die SPD wolle das Arbeitsverbot abschaffen. Die Menschen h\u00e4tten ein Recht auf Arbeit und brauchten eine Perspektive. Familien geh\u00f6ren zusammen, deshalb m\u00fcsse der Familiennachzug verbessert werden. Die SPD setzt sich au\u00dferdem f\u00fcr Mehrstaatlichkeit ein und daf\u00fcr, dass in Deutschland geborene Kinder automatisch die deutsche Staatsangeh\u00f6rigkeit bekommen.<\/p>\n\n\n\n<p>Respekt \u2013 das sei die Leitidee des SPD-Kanzlerkandidaten f\u00fcr unsere k\u00fcnftige Gesellschaft. In einer solchen Gesellschaft habe Rassismus und Diskriminierung keine Chance.<\/p>\n\n\n\n<p>Bernd Engesser von der SPD-Arbeitsgemeinschaft Migration und Vielfalt wies darauf hin, dass die SPD schon immer eine weltoffene Partei war. Jeder, der in Deutschland lebe und die Ziele der SPD unterst\u00fctze, k\u00f6nne unabh\u00e4ngig von seiner Staatsangeh\u00f6rigkeit Mitglied werden. Wer hier wohne, solle auch die M\u00f6glichkeit haben, Gesellschaft und Politik mitzugestalten. Um sprachliche H\u00fcrden zu senken, gebe es auch ein SPD-Programm in einfacher Sprache.<\/p>\n","protected":false},"excerpt":{"rendered":"<p>Die in Breisach lebende Birgit Hummler ist studierte Germanistin und Journalistin und engagiert sich seit der Fl\u00fcchtlingskrise 2015 ehrenamtlich in der Fl\u00fcchtlingshilfe als Deutschlehrerin. In einem humorvollen Buch fasste sie ihre vielschichtigen Erfahrungen bei der Vermittlung der komplizierten deutschen Sprache zusammen. Diese Sprache verf\u00fcgt mit Nominativ, Genitiv, Dativ und Akkusativ \u00fcber vier F\u00e4lle, \u00fcber drei &hellip; <a href=\"http:\/\/spd-agmuv-breisgau.de\/?p=278\" class=\"more-link\"><span class=\"screen-reader-text\">AG Migration und Vielfalt Breisgau und SPD Dreisamtal veranstalteten Autorinnenlesung mit Birgit Hummler: Das Leben ist zu kurz, um Deutsch zu lernen<\/span> weiterlesen<\/a><\/p>\n","protected":false},"author":2,"featured_media":279,"comment_status":"open","ping_status":"open","sticky":false,"template":"","format":"standard","meta":[],"categories":[7],"tags":[],"_links":{"self":[{"href":"http:\/\/spd-agmuv-breisgau.de\/index.php?rest_route=\/wp\/v2\/posts\/278"}],"collection":[{"href":"http:\/\/spd-agmuv-breisgau.de\/index.php?rest_route=\/wp\/v2\/posts"}],"about":[{"href":"http:\/\/spd-agmuv-breisgau.de\/index.php?rest_route=\/wp\/v2\/types\/post"}],"author":[{"embeddable":true,"href":"http:\/\/spd-agmuv-breisgau.de\/index.php?rest_route=\/wp\/v2\/users\/2"}],"replies":[{"embeddable":true,"href":"http:\/\/spd-agmuv-breisgau.de\/index.php?rest_route=%2Fwp%2Fv2%2Fcomments&post=278"}],"version-history":[{"count":1,"href":"http:\/\/spd-agmuv-breisgau.de\/index.php?rest_route=\/wp\/v2\/posts\/278\/revisions"}],"predecessor-version":[{"id":280,"href":"http:\/\/spd-agmuv-breisgau.de\/index.php?rest_route=\/wp\/v2\/posts\/278\/revisions\/280"}],"wp:featuredmedia":[{"embeddable":true,"href":"http:\/\/spd-agmuv-breisgau.de\/index.php?rest_route=\/wp\/v2\/media\/279"}],"wp:attachment":[{"href":"http:\/\/spd-agmuv-breisgau.de\/index.php?rest_route=%2Fwp%2Fv2%2Fmedia&parent=278"}],"wp:term":[{"taxonomy":"category","embeddable":true,"href":"http:\/\/spd-agmuv-breisgau.de\/index.php?rest_route=%2Fwp%2Fv2%2Fcategories&post=278"},{"taxonomy":"post_tag","embeddable":true,"href":"http:\/\/spd-agmuv-breisgau.de\/index.php?rest_route=%2Fwp%2Fv2%2Ftags&post=278"}],"curies":[{"name":"wp","href":"https:\/\/api.w.org\/{rel}","templated":true}]}}