{"id":246,"date":"2021-02-07T13:22:53","date_gmt":"2021-02-07T13:22:53","guid":{"rendered":"http:\/\/spd-agmuv-breisgau.de\/?p=246"},"modified":"2021-02-07T13:26:53","modified_gmt":"2021-02-07T13:26:53","slug":"deutsche-waffen-fuer-diktatoren-und-terroristen-muss-das-sein-online-konferenz-am-15-02","status":"publish","type":"post","link":"http:\/\/spd-agmuv-breisgau.de\/?p=246","title":{"rendered":"Deutsche Waffen f\u00fcr Diktatoren und Terroristen-Muss das sein? Online-Konferenz am 15.02."},"content":{"rendered":"\n<p>Am Montag, den 15.02.2021, laden wir ab 19 Uhr zu einer Online-Konferenz mit Lars Castelucci MdB, Sprecher f\u00fcr Migration und Integration der SPD-Bundestagsfraktion und stellvertretendem innenpolitischer Sprecher der SPD-Bundestagsfraktion, ein. Thema des Abends ist die Problematik deutscher Waffenexporte.<\/p>\n\n\n\n<p><\/p>\n\n\n\n<figure class=\"wp-block-image size-large\"><img loading=\"lazy\" width=\"576\" height=\"1024\" src=\"http:\/\/spd-agmuv-breisgau.de\/wp-content\/uploads\/2021\/02\/Anzeige_Waffenexport-576x1024.jpg\" alt=\"\" class=\"wp-image-249\" srcset=\"http:\/\/spd-agmuv-breisgau.de\/wp-content\/uploads\/2021\/02\/Anzeige_Waffenexport-576x1024.jpg 576w, http:\/\/spd-agmuv-breisgau.de\/wp-content\/uploads\/2021\/02\/Anzeige_Waffenexport-169x300.jpg 169w, http:\/\/spd-agmuv-breisgau.de\/wp-content\/uploads\/2021\/02\/Anzeige_Waffenexport-768x1365.jpg 768w, http:\/\/spd-agmuv-breisgau.de\/wp-content\/uploads\/2021\/02\/Anzeige_Waffenexport-864x1536.jpg 864w, http:\/\/spd-agmuv-breisgau.de\/wp-content\/uploads\/2021\/02\/Anzeige_Waffenexport.jpg 1080w\" sizes=\"(max-width: 576px) 100vw, 576px\" \/><\/figure>\n\n\n\n<p>Teilname erfolgt \u00fcber Jitsi Meet \u00fcber folgenden Link oder \u00fcber den QR-Code:<\/p>\n\n\n\n<p><a href=\"https:\/\/meet.jit.si\/AG-MUVBreisgau_Meetings\">https:\/\/meet.jit.si\/AG-MUVBreisgau_Meetings<\/a><\/p>\n\n\n\n<p> <img loading=\"lazy\" width=\"1147\" height=\"1147\" class=\"wp-image-248\" style=\"width: 150px;\" src=\"http:\/\/spd-agmuv-breisgau.de\/wp-content\/uploads\/2021\/02\/1-QR-Code-Meetingraum-MuV-Breisgau.png\" alt=\"\" srcset=\"http:\/\/spd-agmuv-breisgau.de\/wp-content\/uploads\/2021\/02\/1-QR-Code-Meetingraum-MuV-Breisgau.png 1147w, http:\/\/spd-agmuv-breisgau.de\/wp-content\/uploads\/2021\/02\/1-QR-Code-Meetingraum-MuV-Breisgau-300x300.png 300w, http:\/\/spd-agmuv-breisgau.de\/wp-content\/uploads\/2021\/02\/1-QR-Code-Meetingraum-MuV-Breisgau-1024x1024.png 1024w, http:\/\/spd-agmuv-breisgau.de\/wp-content\/uploads\/2021\/02\/1-QR-Code-Meetingraum-MuV-Breisgau-150x150.png 150w, http:\/\/spd-agmuv-breisgau.de\/wp-content\/uploads\/2021\/02\/1-QR-Code-Meetingraum-MuV-Breisgau-768x768.png 768w\" sizes=\"(max-width: 1147px) 100vw, 1147px\" \/><\/p>\n\n\n\n<p><\/p>\n\n\n\n<p>Wir freuen uns auf rege Teilnahme!<\/p>\n","protected":false},"excerpt":{"rendered":"<p>Am Montag, den 15.02.2021, laden wir ab 19 Uhr zu einer Online-Konferenz mit Lars Castelucci MdB, Sprecher f\u00fcr Migration und Integration der SPD-Bundestagsfraktion und stellvertretendem innenpolitischer Sprecher der SPD-Bundestagsfraktion, ein. Thema des Abends ist die Problematik deutscher Waffenexporte. Teilname erfolgt \u00fcber Jitsi Meet \u00fcber folgenden Link oder \u00fcber den QR-Code: https:\/\/meet.jit.si\/AG-MUVBreisgau_Meetings Wir freuen uns auf &hellip; <a href=\"http:\/\/spd-agmuv-breisgau.de\/?p=246\" class=\"more-link\"><span class=\"screen-reader-text\">Deutsche Waffen f\u00fcr Diktatoren und Terroristen-Muss das sein? Online-Konferenz am 15.02.<\/span> weiterlesen<\/a><\/p>\n","protected":false},"author":2,"featured_media":254,"comment_status":"open","ping_status":"open","sticky":false,"template":"","format":"standard","meta":[],"categories":[6],"tags":[],"_links":{"self":[{"href":"http:\/\/spd-agmuv-breisgau.de\/index.php?rest_route=\/wp\/v2\/posts\/246"}],"collection":[{"href":"http:\/\/spd-agmuv-breisgau.de\/index.php?rest_route=\/wp\/v2\/posts"}],"about":[{"href":"http:\/\/spd-agmuv-breisgau.de\/index.php?rest_route=\/wp\/v2\/types\/post"}],"author":[{"embeddable":true,"href":"http:\/\/spd-agmuv-breisgau.de\/index.php?rest_route=\/wp\/v2\/users\/2"}],"replies":[{"embeddable":true,"href":"http:\/\/spd-agmuv-breisgau.de\/index.php?rest_route=%2Fwp%2Fv2%2Fcomments&post=246"}],"version-history":[{"count":3,"href":"http:\/\/spd-agmuv-breisgau.de\/index.php?rest_route=\/wp\/v2\/posts\/246\/revisions"}],"predecessor-version":[{"id":251,"href":"http:\/\/spd-agmuv-breisgau.de\/index.php?rest_route=\/wp\/v2\/posts\/246\/revisions\/251"}],"wp:featuredmedia":[{"embeddable":true,"href":"http:\/\/spd-agmuv-breisgau.de\/index.php?rest_route=\/wp\/v2\/media\/254"}],"wp:attachment":[{"href":"http:\/\/spd-agmuv-breisgau.de\/index.php?rest_route=%2Fwp%2Fv2%2Fmedia&parent=246"}],"wp:term":[{"taxonomy":"category","embeddable":true,"href":"http:\/\/spd-agmuv-breisgau.de\/index.php?rest_route=%2Fwp%2Fv2%2Fcategories&post=246"},{"taxonomy":"post_tag","embeddable":true,"href":"http:\/\/spd-agmuv-breisgau.de\/index.php?rest_route=%2Fwp%2Fv2%2Ftags&post=246"}],"curies":[{"name":"wp","href":"https:\/\/api.w.org\/{rel}","templated":true}]}}