{"id":124,"date":"2020-10-01T18:47:48","date_gmt":"2020-10-01T18:47:48","guid":{"rendered":"http:\/\/spd-agmuv-breisgau.de\/?p=124"},"modified":"2020-10-01T18:56:23","modified_gmt":"2020-10-01T18:56:23","slug":"mv-spd-ag-muv-breisgau-buchvorstellung-toechter-des-todes-von-ulrike-blatter","status":"publish","type":"post","link":"http:\/\/spd-agmuv-breisgau.de\/?p=124","title":{"rendered":"MV SPD AG MuV Breisgau + Buchvorstellung &#8222;T\u00f6chter des Todes&#8220; von Ulrike Blatter"},"content":{"rendered":"<div class=\"articleText1\">\n<p style=\"text-align: left;\"><strong><img loading=\"lazy\" class=\"size-medium wp-image-125 alignleft\" src=\"http:\/\/spd-agmuv-breisgau.de\/wp-content\/uploads\/2020\/10\/AGMuVLesung2020_10_Flyer1-213x300.png\" alt=\"\" width=\"213\" height=\"300\" srcset=\"http:\/\/spd-agmuv-breisgau.de\/wp-content\/uploads\/2020\/10\/AGMuVLesung2020_10_Flyer1-213x300.png 213w, http:\/\/spd-agmuv-breisgau.de\/wp-content\/uploads\/2020\/10\/AGMuVLesung2020_10_Flyer1.png 653w\" sizes=\"(max-width: 213px) 100vw, 213px\" \/>Die SPD Arbeitsgemeinschaft &#8222;Migration und Vielfalt Breisgau&#8220; l\u00e4dt herzlich zu ihrer\u00a0Mitgliederversammlung mit anschlie\u00dfender \u00f6ffentlicher Lesung ein &#8211;\u00a0am Samstag, den 03.10.20 ab 15:30 Uhr im Roccasaal in Denzlingen. Die Veranstaltung ist in einen nicht\u00f6ffentlichen Teil mit Vorstandswahlen\u00a0und eine\u00a0\u00f6ffentliche\u00a0Lesung gegliedert.\u00a0Ab 17 Uhr stellt Ulrike Blatter ihren Roman &#8222;T\u00f6chter des Todes&#8220; vor:<\/strong><\/p>\n<blockquote><p>Was geschieht, wenn in einer Deutschen Stadt eine Bombe explodiert?<\/p>\n<p>Wenn die scheinbar gut integrierte Migrantin Semina sich scheinbar dem IS anschloss und sich offenbar nach Syrien abgesetzt hat? Wie reagiert die Familie, wie reagieren die Freunde und Bekannten? Wie l\u00e4uft die \u00f6ffentliche Debatte, vor allem in den \u201eSozialen Medien\u201c?<\/p><\/blockquote>\n<\/div>\n<div class=\"articleText2\">\n<p>Ulrike Blatter entwickelt ein vielschichtiges gesellschaftliches Szenario, ohne einfache Schuldzuweisungen und Stereotypen. Feindbilder f\u00f6rdern Radikalisierung und Hass, das erleben wir bei den Themen Migration ebenso wie aktuell bei den Coronademos. Die immer identischen Mechanismen spalten Gesellschaften und bedrohen unser freiheitliches und friedliches Zusammenleben.<\/p>\n<p>Ulrike Blatter ist 57 Jahre alt und hat bis 2010 als \u00c4rztin gearbeitet, u.a. mit jungen Menschen mit sozialen und psychischen Problemen. Diese Arbeit setzt sie auch heute noch ehrenamtlich fort. Seit 2002 ist sie als Dozentin in der Erwachsenenbildung t\u00e4tig. Seit 2010 hauptberuflich als freie Autorin. Mittlerweile sind f\u00fcnf Romane in Publikumsverlagen erschienen; daneben einige Kurzgeschichtenb\u00e4nde sowie Texte in diversen Anthologien.<\/p>\n<p>Wir freuen uns auf Sie und auf die anschlie\u00dfende Diskussion.<\/p>\n<p><span class=\"marker\">Um Anmeldung unter\u00a0<i class=\"far fa-envelope\"><\/i>\u00a0<a href=\"https:\/\/www.spd-kv-emmendingen.de\/mto\/1\/\">ana.agatiev@spd.de<\/a>\u00a0wird gebeten.<\/span><\/p>\n<p>*Alle Coronabedingten Auflagen werden eingehalten.<\/p>\n<hr \/>\n<h3><strong>Agenda des Tages<\/strong><\/h3>\n<p>Mitgliederversammlung 2020 der SPD AG Migration und Vielfalt Breisgau<\/p>\n<p>der drei SPD Kreisverb\u00e4nde Emmendingen, Freiburg und Breisgau-Hochschwarzwald.<\/p>\n<p>&nbsp;<\/p>\n<p><u>Nicht\u00f6ffentlicher Teil: Wahl des Vorstands:<\/u><\/p>\n<p>Wann: 3. Oktober 2020, 15:30 Uhr<br \/>\nOrt: Roccasaal Denzlingen, Hauptstra\u00dfe 134, 79211 Denzlingen<\/p>\n<p>Folgende Tagesordnung schlagen wir vor:<\/p>\n<p>1. Begr\u00fc\u00dfung und Konstituierung<br \/>\n2. Wahl der Mandatspr\u00fcfungs- und Z\u00e4hlkommissionen<br \/>\n3. Gru\u00dfworte<br \/>\n4. Bericht der Mandatspr\u00fcfungskommission<br \/>\n5. Rechenschaftsbericht und Aussprache<br \/>\n6. Entlastung des Vorstands<br \/>\n7. Neuwahl des Vorstands f\u00fcr zwei Jahre:<br \/>\na) Vorsitzende\/r<br \/>\nb) zwei Stellvertreter\/innen<br \/>\nc) Beisitzer\/innen<br \/>\n8. Sonstiges<\/p>\n<p><u>\u00d6ffentlicher Teil: Buchvorstellung \u201eT\u00f6chter des Todes\u201c von Ulrike Blatter<\/u><\/p>\n<p>Mit Ulrike Blatter<br \/>\nWann: 3. Oktober 2020, 17:00 Uhr<br \/>\nOrt: Roccasaal Denzlingen, Hauptstra\u00dfe 134, 79211<\/p>\n<p>Wir freuen uns, Dich an diesem Nachmittag zu sehen.<\/p>\n<p>Um Anmeldung unter\u00a0<i class=\"far fa-envelope\"><\/i>\u00a0<a href=\"https:\/\/www.spd-kv-emmendingen.de\/mto\/1\/\">ana.agatiev@spd.de<\/a>\u00a0wird gebeten.<\/p>\n<p><em>Vielen Dank und mit herzlichen Gr\u00fc\u00dfen<\/em><\/p>\n<p><strong><em>Bernd &amp; Ana &amp; Ismael<\/em><\/strong><\/p>\n<p>&nbsp;<\/p>\n<p>&nbsp;<\/p>\n<p><i class=\"fas fa-exclamation-triangle\"><\/i>\u00a0Da die SARS-CoV-2-Pandemie (Corona-Pandemie) noch nicht vor\u00fcber ist, gelten f\u00fcr diese Veranstaltung folgende Auflagen:<\/p>\n<p>\uf0b7 Alle Anwesenden sind verpflichtet, eine Mund-Nasenschutz-Maske mitzubringen und zu tragen, wenn sie nicht auf ihrem zugewiesenen Platz sitzen. Auf den Pl\u00e4tzen werden die Mindestabst\u00e4nde eingehalten, hier ist das Tragen der Maske nicht notwendig.<br \/>\n\uf0b7 Vor dem Eintritt sind die H\u00e4nde zu desinfizieren (Desinfektionsmittel steht vor Ort bereit)<br \/>\n\uf0b7 Ebenso wird auf die Abstandsregeln geachtet.<br \/>\n\uf0b7 Zudem bitten wir einen eigenen Kugelschreiber mitzubringen und diesen nur selbst zu verwenden.<br \/>\n\uf0b7 Unterlagen, die Dir vorab zugesandt werden, sollten bitte mitgebracht werden. Vor Ort werden sie nicht mehr ausgelegt.<br \/>\n\uf0b7 Es wird keine Bewirtung geben, bitte bringe Dir Getr\u00e4nke f\u00fcr die Sitzung selbst mit.<br \/>\n\uf0b7 Die Mandatspr\u00fcfung wird 30 Minuten vorher da sein. Daher bitten wir, fr\u00fchzeitig anzureisen<br \/>\n\uf0b7 Bei Betreten oder Verlassen des Saales gilt es, sich bei der Mandatspr\u00fcfung an- und abzumelden<br \/>\n\uf0b7 Genoss*innen mit grippe\u00e4hnlichen Symptomen oder Kontakt mit (ehemals) infizierten Personen innerhalb der letzten 14 Tage bitten wir zuhause zu bleiben.<\/p>\n<\/div>\n","protected":false},"excerpt":{"rendered":"<p>Die SPD Arbeitsgemeinschaft &#8222;Migration und Vielfalt Breisgau&#8220; l\u00e4dt herzlich zu ihrer\u00a0Mitgliederversammlung mit anschlie\u00dfender \u00f6ffentlicher Lesung ein &#8211;\u00a0am Samstag, den 03.10.20 ab 15:30 Uhr im Roccasaal in Denzlingen. Die Veranstaltung ist in einen nicht\u00f6ffentlichen Teil mit Vorstandswahlen\u00a0und eine\u00a0\u00f6ffentliche\u00a0Lesung gegliedert.\u00a0Ab 17 Uhr stellt Ulrike Blatter ihren Roman &#8222;T\u00f6chter des Todes&#8220; vor: Was geschieht, wenn in einer Deutschen &hellip; <a href=\"http:\/\/spd-agmuv-breisgau.de\/?p=124\" class=\"more-link\"><span class=\"screen-reader-text\">MV SPD AG MuV Breisgau + Buchvorstellung &#8222;T\u00f6chter des Todes&#8220; von Ulrike Blatter<\/span> weiterlesen<\/a><\/p>\n","protected":false},"author":1,"featured_media":125,"comment_status":"open","ping_status":"open","sticky":false,"template":"","format":"standard","meta":[],"categories":[6],"tags":[],"_links":{"self":[{"href":"http:\/\/spd-agmuv-breisgau.de\/index.php?rest_route=\/wp\/v2\/posts\/124"}],"collection":[{"href":"http:\/\/spd-agmuv-breisgau.de\/index.php?rest_route=\/wp\/v2\/posts"}],"about":[{"href":"http:\/\/spd-agmuv-breisgau.de\/index.php?rest_route=\/wp\/v2\/types\/post"}],"author":[{"embeddable":true,"href":"http:\/\/spd-agmuv-breisgau.de\/index.php?rest_route=\/wp\/v2\/users\/1"}],"replies":[{"embeddable":true,"href":"http:\/\/spd-agmuv-breisgau.de\/index.php?rest_route=%2Fwp%2Fv2%2Fcomments&post=124"}],"version-history":[{"count":2,"href":"http:\/\/spd-agmuv-breisgau.de\/index.php?rest_route=\/wp\/v2\/posts\/124\/revisions"}],"predecessor-version":[{"id":127,"href":"http:\/\/spd-agmuv-breisgau.de\/index.php?rest_route=\/wp\/v2\/posts\/124\/revisions\/127"}],"wp:featuredmedia":[{"embeddable":true,"href":"http:\/\/spd-agmuv-breisgau.de\/index.php?rest_route=\/wp\/v2\/media\/125"}],"wp:attachment":[{"href":"http:\/\/spd-agmuv-breisgau.de\/index.php?rest_route=%2Fwp%2Fv2%2Fmedia&parent=124"}],"wp:term":[{"taxonomy":"category","embeddable":true,"href":"http:\/\/spd-agmuv-breisgau.de\/index.php?rest_route=%2Fwp%2Fv2%2Fcategories&post=124"},{"taxonomy":"post_tag","embeddable":true,"href":"http:\/\/spd-agmuv-breisgau.de\/index.php?rest_route=%2Fwp%2Fv2%2Ftags&post=124"}],"curies":[{"name":"wp","href":"https:\/\/api.w.org\/{rel}","templated":true}]}}